{"id":1169,"date":"2022-06-28T01:06:11","date_gmt":"2022-06-27T23:06:11","guid":{"rendered":"https:\/\/feroza.hu\/?p=1169"},"modified":"2022-06-28T01:44:23","modified_gmt":"2022-06-27T23:44:23","slug":"celegyenesben","status":"publish","type":"post","link":"https:\/\/feroza.hu\/?p=1169","title":{"rendered":"C\u00e9legyenesben"},"content":{"rendered":"\n<p>Nem csak az alag\u00fat v\u00e9ge l\u00e1tszik, hanem m\u00e1r a k\u00f6rnyez\u0151 t\u00e1j is.<\/p>\n\n\n\n<p>Az elm\u00falt id\u0151ben nagyon kev\u00e9s id\u0151m volt dokument\u00e1lni az aut\u00f3 fejl\u0151d\u00e9s\u00e9t, de most kicsit \u00f6sszefoglaln\u00e1m az esem\u00e9nyeket.<\/p>\n\n\n\n<p>A k\u00e1rpitoz\u00e1s k\u00e9sz, a pantentok j\u00f3l r\u00f6gz\u00edtik a r\u00e9tegelt lemezre ragasztott k\u00e1rpitot. A bal h\u00e1ts\u00f3 k\u00e1rpitba beker\u00fclt egy h\u00e1ts\u00f3vil\u00e1g\u00edt\u00e1s is (ez r\u00e9gebben nagyon hi\u00e1nyzott pakol\u00e1sn\u00e1l). Valamilyen kis busz bels\u0151vil\u00e1g\u00edt\u00e1sa volt. Egy bont\u00f3ban berheletem ki egy aut\u00f3b\u00f3l. <br \/>A l\u00f6kh\u00e1r\u00edt\u00f3k \u00e9s a rendsz\u00e1mok a hely\u00fck\u00f6n. MInden k\u00fcls\u0151 vil\u00e1g\u00edt\u00e1s is m\u0171k\u00f6dik, a Hifi nem kev\u00e9sb\u00e9. \ud83d\ude42 A bels\u0151t\u00e9rben minden a hely\u00e9n.<br \/><br \/>Mivel sok minden elk\u00e9sz\u00fclt, ez\u00e9rt ink\u00e1bb arr\u00f3l \u00edrn\u00e9k mi az ami nem. <br \/>-Az alapj\u00e1ratom valami\u00e9rt magas. Sajnos ennek ok\u00e1ra m\u00e9g nem j\u00f6ttem r\u00e1, de gyan\u00edtom, hogy a kis szelep, ami p\u00f3t-leveg\u0151t ad a motornak nagyobb terhel\u00e9s eset\u00e9n (pl. ablakf\u0171t\u00e9s, hideg motor, stb.) nem z\u00e1r\u00f3dik el. Ezt az \u00e1ramk\u00f6rt az ECU vez\u00e9rli, de nyilv\u00e1n kap valami t\u00e9ves inf\u00f3t a rendszer.<br \/>-A nagyobb gond, hogy a f\u00e9k sem m\u0171k\u00f6dik. B\u00e1r m\u00e1r kicser\u00e9ltem a f\u0151-f\u00e9khengert \u00e9s lel\u00e9gtelen\u00edtettem a rendszert, a ped\u00e1l beesik. Vettem fel\u00faj\u00edt\u00f3 szettet, kicser\u00e9ltem \u00e9s megpr\u00f3b\u00e1ltam felt\u00f6lteni \u00fajra olajjal a f\u0151f\u00e9khengert, majd l\u00e9gtelen\u00edteni a kereken\u00e9l, de nem t\u00fal meggy\u0151z\u0151 a dolog&#8230;. -Nem tudom hogyan tov\u00e1bb, de majd csak lesz valami.<\/p>\n\n\n\n<p>Apr\u00f3bb munk\u00e1k m\u00e9g lesznek az aut\u00f3n, de majd csak, a vizsg\u00e1ztat\u00e1s ut\u00e1n.<br \/>Az els\u0151 r\u00e1cs r\u00f6gz\u00edt\u00e9si pontjait \u00e1t kell alak\u00edtani, de ezt a gy\u00e1rt\u00f3 c\u00e9g tudja csak megtenni, szak\u00e9rtelem, m\u0171bizonylat, stb.<br \/>Az els\u0151 sz\u00e9lv\u00e9d\u0151 felett a f\u00e9nyhidat is k\u00e9s\u0151bbre hagytam, ugyan \u00fagy mint a bal oldali kapaszkod\u00f3 hely\u00e9re tervezett foganty\u00fat is, ami majd a marhak\u00fcrt\u00f6t fogja m\u0171k\u00f6dtetni. -Hasonl\u00f3 k\u00e9ppen mint egy kamionban.<br \/>A l\u00e9grug\u00f3k is majd egy k\u00e9s\u0151bbi id\u0151pontban ker\u00fclnek be az aut\u00f3ba (jobb, ha ez a vizsga ut\u00e1n lesz).<br \/>Viszont minden k\u00e1bel kapcsol\u00f3 \u00e9s rel\u00e9, m\u00e1r a tervez\u00e9si szakaszban ki lett tal\u00e1lva illetve k\u00e9s\u0151bbiek sor\u00e1n bek\u00f6tve.<br \/><\/p>\n\n\n\n<figure class=\"wp-block-image size-full is-resized\"><img loading=\"lazy\" decoding=\"async\" src=\"https:\/\/feroza.hu\/wp-content\/uploads\/2022\/06\/IMG_0177-1.jpg\" alt=\"\" class=\"wp-image-1171\" width=\"587\" height=\"1031\"\/><figcaption>A r\u00e9gi tet\u0151k\u00e1rpit<\/figcaption><\/figure>\n\n\n\n<figure class=\"wp-block-image size-full is-resized\"><img loading=\"lazy\" decoding=\"async\" src=\"https:\/\/feroza.hu\/wp-content\/uploads\/2022\/06\/IMG_0317.jpg\" alt=\"\" class=\"wp-image-1172\" width=\"594\" height=\"1044\"\/><figcaption>Plusz szigetel\u00e9s a h\u0151v\u00e9delem miatt.<\/figcaption><\/figure>\n\n\n\n<figure class=\"wp-block-image size-full is-resized\"><img loading=\"lazy\" decoding=\"async\" src=\"https:\/\/feroza.hu\/wp-content\/uploads\/2022\/06\/IMG_0325.jpg\" alt=\"\" class=\"wp-image-1173\" width=\"582\" height=\"329\" srcset=\"https:\/\/feroza.hu\/wp-content\/uploads\/2022\/06\/IMG_0325.jpg 480w, https:\/\/feroza.hu\/wp-content\/uploads\/2022\/06\/IMG_0325-300x169.jpg 300w\" sizes=\"auto, (max-width: 582px) 100vw, 582px\" \/><figcaption>Minden a hely\u00e9n.<\/figcaption><\/figure>\n\n\n\n<figure class=\"wp-block-image size-full is-resized\"><img loading=\"lazy\" decoding=\"async\" src=\"https:\/\/feroza.hu\/wp-content\/uploads\/2022\/06\/IMG_0181.jpg\" alt=\"\" class=\"wp-image-1175\" width=\"576\" height=\"325\" srcset=\"https:\/\/feroza.hu\/wp-content\/uploads\/2022\/06\/IMG_0181.jpg 480w, https:\/\/feroza.hu\/wp-content\/uploads\/2022\/06\/IMG_0181-300x169.jpg 300w\" sizes=\"auto, (max-width: 576px) 100vw, 576px\" \/><figcaption>M\u00e9g r\u00e1cs n\u00e9lk\u00fcl.<\/figcaption><\/figure>\n\n\n\n<p><\/p>\n","protected":false},"excerpt":{"rendered":"<p>Nem csak az alag\u00fat v\u00e9ge l\u00e1tszik, hanem m\u00e1r a k\u00f6rnyez\u0151 t\u00e1j is. Az elm\u00falt id\u0151ben nagyon kev\u00e9s id\u0151m volt dokument\u00e1lni az aut\u00f3 fejl\u0151d\u00e9s\u00e9t, de most kicsit \u00f6sszefoglaln\u00e1m az esem\u00e9nyeket. A k\u00e1rpitoz\u00e1s k\u00e9sz, a pantentok j\u00f3l r\u00f6gz\u00edtik a r\u00e9tegelt lemezre ragasztott &hellip; <a href=\"https:\/\/feroza.hu\/?p=1169\">Egy kattint\u00e1s ide a folytat\u00e1shoz&#8230;. <span class=\"meta-nav\">&rarr;<\/span><\/a><\/p>\n","protected":false},"author":1,"featured_media":0,"comment_status":"closed","ping_status":"closed","sticky":false,"template":"","format":"standard","meta":{"footnotes":""},"categories":[1],"tags":[],"class_list":["post-1169","post","type-post","status-publish","format-standard","hentry","category-felujitas"],"yoast_head":"<!-- This site is optimized with the Yoast SEO plugin v27.5 - https:\/\/yoast.com\/product\/yoast-seo-wordpress\/ -->\n<title>C\u00e9legyenesben - feroza.hu<\/title>\n<meta name=\"robots\" content=\"index, follow, max-snippet:-1, max-image-preview:large, max-video-preview:-1\" \/>\n<link rel=\"canonical\" href=\"https:\/\/feroza.hu\/?p=1169\" \/>\n<meta name=\"twitter:label1\" content=\"Szerz\u0151:\" \/>\n\t<meta name=\"twitter:data1\" content=\"Adi001\" \/>\n\t<meta name=\"twitter:label2\" content=\"Becs\u00fclt olvas\u00e1si id\u0151\" \/>\n\t<meta name=\"twitter:data2\" content=\"2 perc\" \/>\n<script type=\"application\/ld+json\" class=\"yoast-schema-graph\">{\"@context\":\"https:\\\/\\\/schema.org\",\"@graph\":[{\"@type\":\"Article\",\"@id\":\"https:\\\/\\\/feroza.hu\\\/?p=1169#article\",\"isPartOf\":{\"@id\":\"https:\\\/\\\/feroza.hu\\\/?p=1169\"},\"author\":{\"name\":\"Adi001\",\"@id\":\"https:\\\/\\\/feroza.hu\\\/#\\\/schema\\\/person\\\/6be7369c0a68d2ebb04d088609ea2c5b\"},\"headline\":\"C\u00e9legyenesben\",\"datePublished\":\"2022-06-27T23:06:11+00:00\",\"dateModified\":\"2022-06-27T23:44:23+00:00\",\"mainEntityOfPage\":{\"@id\":\"https:\\\/\\\/feroza.hu\\\/?p=1169\"},\"wordCount\":473,\"image\":{\"@id\":\"https:\\\/\\\/feroza.hu\\\/?p=1169#primaryimage\"},\"thumbnailUrl\":\"https:\\\/\\\/feroza.hu\\\/wp-content\\\/uploads\\\/2022\\\/06\\\/IMG_0177-1.jpg\",\"articleSection\":[\"Fel\u00faj\u00edt\u00e1s\"],\"inLanguage\":\"hu\"},{\"@type\":\"WebPage\",\"@id\":\"https:\\\/\\\/feroza.hu\\\/?p=1169\",\"url\":\"https:\\\/\\\/feroza.hu\\\/?p=1169\",\"name\":\"C\u00e9legyenesben - feroza.hu\",\"isPartOf\":{\"@id\":\"https:\\\/\\\/feroza.hu\\\/#website\"},\"primaryImageOfPage\":{\"@id\":\"https:\\\/\\\/feroza.hu\\\/?p=1169#primaryimage\"},\"image\":{\"@id\":\"https:\\\/\\\/feroza.hu\\\/?p=1169#primaryimage\"},\"thumbnailUrl\":\"https:\\\/\\\/feroza.hu\\\/wp-content\\\/uploads\\\/2022\\\/06\\\/IMG_0177-1.jpg\",\"datePublished\":\"2022-06-27T23:06:11+00:00\",\"dateModified\":\"2022-06-27T23:44:23+00:00\",\"author\":{\"@id\":\"https:\\\/\\\/feroza.hu\\\/#\\\/schema\\\/person\\\/6be7369c0a68d2ebb04d088609ea2c5b\"},\"inLanguage\":\"hu\",\"potentialAction\":[{\"@type\":\"ReadAction\",\"target\":[\"https:\\\/\\\/feroza.hu\\\/?p=1169\"]}]},{\"@type\":\"ImageObject\",\"inLanguage\":\"hu\",\"@id\":\"https:\\\/\\\/feroza.hu\\\/?p=1169#primaryimage\",\"url\":\"https:\\\/\\\/feroza.hu\\\/wp-content\\\/uploads\\\/2022\\\/06\\\/IMG_0177-1.jpg\",\"contentUrl\":\"https:\\\/\\\/feroza.hu\\\/wp-content\\\/uploads\\\/2022\\\/06\\\/IMG_0177-1.jpg\",\"width\":270,\"height\":480},{\"@type\":\"WebSite\",\"@id\":\"https:\\\/\\\/feroza.hu\\\/#website\",\"url\":\"https:\\\/\\\/feroza.hu\\\/\",\"name\":\"feroza.hu\",\"description\":\"Daihatsu Feroza - egy kihal\u00f3ban l\u00e9v\u0151 aut\u00f3m\u00e1rka feledhetetlen modelje\",\"potentialAction\":[{\"@type\":\"SearchAction\",\"target\":{\"@type\":\"EntryPoint\",\"urlTemplate\":\"https:\\\/\\\/feroza.hu\\\/?s={search_term_string}\"},\"query-input\":{\"@type\":\"PropertyValueSpecification\",\"valueRequired\":true,\"valueName\":\"search_term_string\"}}],\"inLanguage\":\"hu\"},{\"@type\":\"Person\",\"@id\":\"https:\\\/\\\/feroza.hu\\\/#\\\/schema\\\/person\\\/6be7369c0a68d2ebb04d088609ea2c5b\",\"name\":\"Adi001\",\"image\":{\"@type\":\"ImageObject\",\"inLanguage\":\"hu\",\"@id\":\"https:\\\/\\\/secure.gravatar.com\\\/avatar\\\/34a34c6c21773a043c4fb9f19629f2181a9bfd18e0106f7155155112d142f535?s=96&d=mm&r=g\",\"url\":\"https:\\\/\\\/secure.gravatar.com\\\/avatar\\\/34a34c6c21773a043c4fb9f19629f2181a9bfd18e0106f7155155112d142f535?s=96&d=mm&r=g\",\"contentUrl\":\"https:\\\/\\\/secure.gravatar.com\\\/avatar\\\/34a34c6c21773a043c4fb9f19629f2181a9bfd18e0106f7155155112d142f535?s=96&d=mm&r=g\",\"caption\":\"Adi001\"},\"description\":\"Feroza owner, Mac fan....\",\"url\":\"https:\\\/\\\/feroza.hu\\\/?author=1\"}]}<\/script>\n<!-- \/ Yoast SEO plugin. -->","yoast_head_json":{"title":"C\u00e9legyenesben - feroza.hu","robots":{"index":"index","follow":"follow","max-snippet":"max-snippet:-1","max-image-preview":"max-image-preview:large","max-video-preview":"max-video-preview:-1"},"canonical":"https:\/\/feroza.hu\/?p=1169","twitter_misc":{"Szerz\u0151:":"Adi001","Becs\u00fclt olvas\u00e1si id\u0151":"2 perc"},"schema":{"@context":"https:\/\/schema.org","@graph":[{"@type":"Article","@id":"https:\/\/feroza.hu\/?p=1169#article","isPartOf":{"@id":"https:\/\/feroza.hu\/?p=1169"},"author":{"name":"Adi001","@id":"https:\/\/feroza.hu\/#\/schema\/person\/6be7369c0a68d2ebb04d088609ea2c5b"},"headline":"C\u00e9legyenesben","datePublished":"2022-06-27T23:06:11+00:00","dateModified":"2022-06-27T23:44:23+00:00","mainEntityOfPage":{"@id":"https:\/\/feroza.hu\/?p=1169"},"wordCount":473,"image":{"@id":"https:\/\/feroza.hu\/?p=1169#primaryimage"},"thumbnailUrl":"https:\/\/feroza.hu\/wp-content\/uploads\/2022\/06\/IMG_0177-1.jpg","articleSection":["Fel\u00faj\u00edt\u00e1s"],"inLanguage":"hu"},{"@type":"WebPage","@id":"https:\/\/feroza.hu\/?p=1169","url":"https:\/\/feroza.hu\/?p=1169","name":"C\u00e9legyenesben - feroza.hu","isPartOf":{"@id":"https:\/\/feroza.hu\/#website"},"primaryImageOfPage":{"@id":"https:\/\/feroza.hu\/?p=1169#primaryimage"},"image":{"@id":"https:\/\/feroza.hu\/?p=1169#primaryimage"},"thumbnailUrl":"https:\/\/feroza.hu\/wp-content\/uploads\/2022\/06\/IMG_0177-1.jpg","datePublished":"2022-06-27T23:06:11+00:00","dateModified":"2022-06-27T23:44:23+00:00","author":{"@id":"https:\/\/feroza.hu\/#\/schema\/person\/6be7369c0a68d2ebb04d088609ea2c5b"},"inLanguage":"hu","potentialAction":[{"@type":"ReadAction","target":["https:\/\/feroza.hu\/?p=1169"]}]},{"@type":"ImageObject","inLanguage":"hu","@id":"https:\/\/feroza.hu\/?p=1169#primaryimage","url":"https:\/\/feroza.hu\/wp-content\/uploads\/2022\/06\/IMG_0177-1.jpg","contentUrl":"https:\/\/feroza.hu\/wp-content\/uploads\/2022\/06\/IMG_0177-1.jpg","width":270,"height":480},{"@type":"WebSite","@id":"https:\/\/feroza.hu\/#website","url":"https:\/\/feroza.hu\/","name":"feroza.hu","description":"Daihatsu Feroza - egy kihal\u00f3ban l\u00e9v\u0151 aut\u00f3m\u00e1rka feledhetetlen modelje","potentialAction":[{"@type":"SearchAction","target":{"@type":"EntryPoint","urlTemplate":"https:\/\/feroza.hu\/?s={search_term_string}"},"query-input":{"@type":"PropertyValueSpecification","valueRequired":true,"valueName":"search_term_string"}}],"inLanguage":"hu"},{"@type":"Person","@id":"https:\/\/feroza.hu\/#\/schema\/person\/6be7369c0a68d2ebb04d088609ea2c5b","name":"Adi001","image":{"@type":"ImageObject","inLanguage":"hu","@id":"https:\/\/secure.gravatar.com\/avatar\/34a34c6c21773a043c4fb9f19629f2181a9bfd18e0106f7155155112d142f535?s=96&d=mm&r=g","url":"https:\/\/secure.gravatar.com\/avatar\/34a34c6c21773a043c4fb9f19629f2181a9bfd18e0106f7155155112d142f535?s=96&d=mm&r=g","contentUrl":"https:\/\/secure.gravatar.com\/avatar\/34a34c6c21773a043c4fb9f19629f2181a9bfd18e0106f7155155112d142f535?s=96&d=mm&r=g","caption":"Adi001"},"description":"Feroza owner, Mac fan....","url":"https:\/\/feroza.hu\/?author=1"}]}},"_links":{"self":[{"href":"https:\/\/feroza.hu\/index.php?rest_route=\/wp\/v2\/posts\/1169","targetHints":{"allow":["GET"]}}],"collection":[{"href":"https:\/\/feroza.hu\/index.php?rest_route=\/wp\/v2\/posts"}],"about":[{"href":"https:\/\/feroza.hu\/index.php?rest_route=\/wp\/v2\/types\/post"}],"author":[{"embeddable":true,"href":"https:\/\/feroza.hu\/index.php?rest_route=\/wp\/v2\/users\/1"}],"replies":[{"embeddable":true,"href":"https:\/\/feroza.hu\/index.php?rest_route=%2Fwp%2Fv2%2Fcomments&post=1169"}],"version-history":[{"count":2,"href":"https:\/\/feroza.hu\/index.php?rest_route=\/wp\/v2\/posts\/1169\/revisions"}],"predecessor-version":[{"id":1176,"href":"https:\/\/feroza.hu\/index.php?rest_route=\/wp\/v2\/posts\/1169\/revisions\/1176"}],"wp:attachment":[{"href":"https:\/\/feroza.hu\/index.php?rest_route=%2Fwp%2Fv2%2Fmedia&parent=1169"}],"wp:term":[{"taxonomy":"category","embeddable":true,"href":"https:\/\/feroza.hu\/index.php?rest_route=%2Fwp%2Fv2%2Fcategories&post=1169"},{"taxonomy":"post_tag","embeddable":true,"href":"https:\/\/feroza.hu\/index.php?rest_route=%2Fwp%2Fv2%2Ftags&post=1169"}],"curies":[{"name":"wp","href":"https:\/\/api.w.org\/{rel}","templated":true}]}}