{"id":1198,"date":"2022-08-18T00:46:10","date_gmt":"2022-08-17T22:46:10","guid":{"rendered":"https:\/\/feroza.hu\/?p=1198"},"modified":"2022-08-18T00:46:10","modified_gmt":"2022-08-17T22:46:10","slug":"racs-a-helyen-a-laprugo-eltort","status":"publish","type":"post","link":"https:\/\/feroza.hu\/?p=1198","title":{"rendered":"R\u00e1cs a hely\u00e9n, a laprug\u00f3 elt\u00f6rt."},"content":{"rendered":"\n<p>Siker\u00fclt a r\u00e1cs gy\u00e1rt\u00f3j\u00e1val felvennem a kapcsolatot \u00e9s b\u00e1r m\u00e1r nem foglalkoznak gallyt\u00f6r\u0151 r\u00e1csok gy\u00e1rt\u00e1s\u00e1val, megcsin\u00e1lt\u00e1k a fels\u0151 r\u00f6gz\u00edt\u0151f\u00fclek \u00e1talak\u00edt\u00e1s\u00e1t a m\u0171bizonylatos r\u00e1cson.<br \/>A Karkus r\u00e1cs m\u00e1r az eredeti, megszokott hely\u00e9n van.<\/p>\n\n\n\n<p>A XV. ker\u00fclet fel\u00e9 azonban megadta mag\u00e1t az egyik oldalon a laprug\u00f3 \u00e9s elt\u00f6r\u00f6tt.<br \/>Persze, ha m\u00e1r t\u00f6r\u00f6tt, akkor egyszerre mind a h\u00e1rom lap. (K\u00e9s\u0151bb der\u00fclt ki, hogy kett\u0151 m\u00e1r eleve t\u00f6r\u00f6tt volt, de a cuppfog\u00f3 \u00f6sszetartotta a t\u00f6r\u00f6tt lapokat.<br \/>M\u00e1r kor\u00e1bban is \u00e9reztem, hogy az aut\u00f3 nem kanyar stabil, de az ut\u00f3bbi p\u00e1r \u00e9vben nem vezettem a Feroz\u00e1t \u00e9s ugye teljesen m\u00e1s egy kifejezetten kiv\u00e1l\u00f3 fut\u00f3m\u0171ves Mazda 3 ut\u00e1n \u00e1t\u00fclni egy merev-tengelyes \u00e9s laprug\u00f3s aut\u00f3ba.<br \/>Az imbolyg\u00f3 h\u00e1ts\u00f3 h\u00edddal az\u00e9rt sikeresen visszajutottam a gar\u00e1zsba, ahol p\u00e1r \u00f3ra szenved\u00e9s ut\u00e1n siker\u00fclt a berohadt gumiszileteken \u00farr\u00e1 lenne \u00e9s kiszerelnem a r\u00fag\u00f3s tagot. <br \/>A szok\u00e1sos rug\u00f3gy\u00e1rt\u00f3hoz vittem Szigethalomra (Farkas rug\u00f3), ahol nem j\u00f3 h\u00edrekkel szolg\u00e1ltak. Mivel nem volt alapanyaguk, legal\u00e1bb 4 hetes \u00e1tfut\u00e1ssal v\u00e1llalt\u00e1k a gy\u00e1rt\u00e1st.<br \/>Persze ki kell vinnem a m\u00e1sik oldal rug\u00f3it is, mert a lapok cser\u00e9lget\u00e9s\u00e9vel meg lehet oldani, hogy ne \u00e1lljon f\u00e9l oldalasan az aut\u00f3, az \u00faj er\u0151sebb rug\u00f3k\u00f6teg miatt. -H\u00e1t ez van.<br \/>B\u00edzom benne, hogy az \u0151sszel m\u00e9g az\u00e9rt lesznek kabri\u00f3z\u00e1sra alkalmas napok.<br \/>Addig is van m\u00e9g feladat, mert a marhak\u0171rt m\u0171k\u00f6dtet\u0151 bovdenj\u00e9t, a pontos ajt\u00f3h\u00e9zag be\u00e1ll\u00edt\u00e1sokat \u00e9s m\u00e9g rengeteg finomhangol\u00e1st meg kell oldjak. \u00cdgy nem maradok a v\u00e1rakoz\u00e1s alatt sem munka n\u00e9lk\u00fcl.<\/p>\n\n\n\n<figure class=\"wp-block-image size-full is-resized\"><img loading=\"lazy\" decoding=\"async\" src=\"https:\/\/feroza.hu\/wp-content\/uploads\/2022\/08\/IMG_0626.jpg\" alt=\"\" class=\"wp-image-1199\" width=\"601\" height=\"339\" srcset=\"https:\/\/feroza.hu\/wp-content\/uploads\/2022\/08\/IMG_0626.jpg 500w, https:\/\/feroza.hu\/wp-content\/uploads\/2022\/08\/IMG_0626-300x169.jpg 300w\" sizes=\"auto, (max-width: 601px) 100vw, 601px\" \/><\/figure>\n\n\n\n<figure class=\"wp-block-image size-full is-resized\"><img loading=\"lazy\" decoding=\"async\" src=\"https:\/\/feroza.hu\/wp-content\/uploads\/2022\/08\/IMG_0627.jpg\" alt=\"\" class=\"wp-image-1200\" width=\"597\" height=\"337\" srcset=\"https:\/\/feroza.hu\/wp-content\/uploads\/2022\/08\/IMG_0627.jpg 500w, https:\/\/feroza.hu\/wp-content\/uploads\/2022\/08\/IMG_0627-300x169.jpg 300w\" sizes=\"auto, (max-width: 597px) 100vw, 597px\" \/><\/figure>\n\n\n\n<figure class=\"wp-block-image size-full is-resized\"><img loading=\"lazy\" decoding=\"async\" src=\"https:\/\/feroza.hu\/wp-content\/uploads\/2022\/08\/IMG_0629.jpg\" alt=\"\" class=\"wp-image-1201\" width=\"595\" height=\"336\" srcset=\"https:\/\/feroza.hu\/wp-content\/uploads\/2022\/08\/IMG_0629.jpg 500w, https:\/\/feroza.hu\/wp-content\/uploads\/2022\/08\/IMG_0629-300x169.jpg 300w\" sizes=\"auto, (max-width: 595px) 100vw, 595px\" \/><\/figure>\n\n\n\n<figure class=\"wp-block-image size-full is-resized\"><img loading=\"lazy\" decoding=\"async\" src=\"https:\/\/feroza.hu\/wp-content\/uploads\/2022\/08\/IMG_0628.jpg\" alt=\"\" class=\"wp-image-1202\" width=\"592\" height=\"334\" srcset=\"https:\/\/feroza.hu\/wp-content\/uploads\/2022\/08\/IMG_0628.jpg 500w, https:\/\/feroza.hu\/wp-content\/uploads\/2022\/08\/IMG_0628-300x169.jpg 300w\" sizes=\"auto, (max-width: 592px) 100vw, 592px\" \/><figcaption>A bal oldali rug\u00f3k\u00f6teg. Sajnos ez is el\u00e9g egyenes. \ud83d\ude41<\/figcaption><\/figure>\n\n\n\n<p><\/p>\n","protected":false},"excerpt":{"rendered":"<p>Siker\u00fclt a r\u00e1cs gy\u00e1rt\u00f3j\u00e1val felvennem a kapcsolatot \u00e9s b\u00e1r m\u00e1r nem foglalkoznak gallyt\u00f6r\u0151 r\u00e1csok gy\u00e1rt\u00e1s\u00e1val, megcsin\u00e1lt\u00e1k a fels\u0151 r\u00f6gz\u00edt\u0151f\u00fclek \u00e1talak\u00edt\u00e1s\u00e1t a m\u0171bizonylatos r\u00e1cson.A Karkus r\u00e1cs m\u00e1r az eredeti, megszokott hely\u00e9n van. A XV. ker\u00fclet fel\u00e9 azonban megadta mag\u00e1t az egyik &hellip; <a href=\"https:\/\/feroza.hu\/?p=1198\">Egy kattint\u00e1s ide a folytat\u00e1shoz&#8230;. <span class=\"meta-nav\">&rarr;<\/span><\/a><\/p>\n","protected":false},"author":1,"featured_media":0,"comment_status":"closed","ping_status":"closed","sticky":false,"template":"","format":"standard","meta":{"footnotes":""},"categories":[1],"tags":[],"class_list":["post-1198","post","type-post","status-publish","format-standard","hentry","category-felujitas"],"yoast_head":"<!-- This site is optimized with the Yoast SEO plugin v27.4 - https:\/\/yoast.com\/product\/yoast-seo-wordpress\/ -->\n<title>R\u00e1cs a hely\u00e9n, a laprug\u00f3 elt\u00f6rt. - feroza.hu<\/title>\n<meta name=\"robots\" content=\"index, follow, max-snippet:-1, max-image-preview:large, max-video-preview:-1\" \/>\n<link rel=\"canonical\" href=\"https:\/\/feroza.hu\/?p=1198\" \/>\n<meta name=\"twitter:label1\" content=\"Szerz\u0151:\" \/>\n\t<meta name=\"twitter:data1\" content=\"Adi001\" \/>\n\t<meta name=\"twitter:label2\" content=\"Becs\u00fclt olvas\u00e1si id\u0151\" \/>\n\t<meta name=\"twitter:data2\" content=\"2 perc\" \/>\n<script type=\"application\/ld+json\" class=\"yoast-schema-graph\">{\"@context\":\"https:\\\/\\\/schema.org\",\"@graph\":[{\"@type\":\"Article\",\"@id\":\"https:\\\/\\\/feroza.hu\\\/?p=1198#article\",\"isPartOf\":{\"@id\":\"https:\\\/\\\/feroza.hu\\\/?p=1198\"},\"author\":{\"name\":\"Adi001\",\"@id\":\"https:\\\/\\\/feroza.hu\\\/#\\\/schema\\\/person\\\/6be7369c0a68d2ebb04d088609ea2c5b\"},\"headline\":\"R\u00e1cs a hely\u00e9n, a laprug\u00f3 elt\u00f6rt.\",\"datePublished\":\"2022-08-17T22:46:10+00:00\",\"mainEntityOfPage\":{\"@id\":\"https:\\\/\\\/feroza.hu\\\/?p=1198\"},\"wordCount\":355,\"image\":{\"@id\":\"https:\\\/\\\/feroza.hu\\\/?p=1198#primaryimage\"},\"thumbnailUrl\":\"https:\\\/\\\/feroza.hu\\\/wp-content\\\/uploads\\\/2022\\\/08\\\/IMG_0626.jpg\",\"articleSection\":[\"Fel\u00faj\u00edt\u00e1s\"],\"inLanguage\":\"hu\"},{\"@type\":\"WebPage\",\"@id\":\"https:\\\/\\\/feroza.hu\\\/?p=1198\",\"url\":\"https:\\\/\\\/feroza.hu\\\/?p=1198\",\"name\":\"R\u00e1cs a hely\u00e9n, a laprug\u00f3 elt\u00f6rt. - feroza.hu\",\"isPartOf\":{\"@id\":\"https:\\\/\\\/feroza.hu\\\/#website\"},\"primaryImageOfPage\":{\"@id\":\"https:\\\/\\\/feroza.hu\\\/?p=1198#primaryimage\"},\"image\":{\"@id\":\"https:\\\/\\\/feroza.hu\\\/?p=1198#primaryimage\"},\"thumbnailUrl\":\"https:\\\/\\\/feroza.hu\\\/wp-content\\\/uploads\\\/2022\\\/08\\\/IMG_0626.jpg\",\"datePublished\":\"2022-08-17T22:46:10+00:00\",\"author\":{\"@id\":\"https:\\\/\\\/feroza.hu\\\/#\\\/schema\\\/person\\\/6be7369c0a68d2ebb04d088609ea2c5b\"},\"inLanguage\":\"hu\",\"potentialAction\":[{\"@type\":\"ReadAction\",\"target\":[\"https:\\\/\\\/feroza.hu\\\/?p=1198\"]}]},{\"@type\":\"ImageObject\",\"inLanguage\":\"hu\",\"@id\":\"https:\\\/\\\/feroza.hu\\\/?p=1198#primaryimage\",\"url\":\"https:\\\/\\\/feroza.hu\\\/wp-content\\\/uploads\\\/2022\\\/08\\\/IMG_0626.jpg\",\"contentUrl\":\"https:\\\/\\\/feroza.hu\\\/wp-content\\\/uploads\\\/2022\\\/08\\\/IMG_0626.jpg\",\"width\":500,\"height\":281},{\"@type\":\"WebSite\",\"@id\":\"https:\\\/\\\/feroza.hu\\\/#website\",\"url\":\"https:\\\/\\\/feroza.hu\\\/\",\"name\":\"feroza.hu\",\"description\":\"Daihatsu Feroza - egy kihal\u00f3ban l\u00e9v\u0151 aut\u00f3m\u00e1rka feledhetetlen modelje\",\"potentialAction\":[{\"@type\":\"SearchAction\",\"target\":{\"@type\":\"EntryPoint\",\"urlTemplate\":\"https:\\\/\\\/feroza.hu\\\/?s={search_term_string}\"},\"query-input\":{\"@type\":\"PropertyValueSpecification\",\"valueRequired\":true,\"valueName\":\"search_term_string\"}}],\"inLanguage\":\"hu\"},{\"@type\":\"Person\",\"@id\":\"https:\\\/\\\/feroza.hu\\\/#\\\/schema\\\/person\\\/6be7369c0a68d2ebb04d088609ea2c5b\",\"name\":\"Adi001\",\"image\":{\"@type\":\"ImageObject\",\"inLanguage\":\"hu\",\"@id\":\"https:\\\/\\\/secure.gravatar.com\\\/avatar\\\/34a34c6c21773a043c4fb9f19629f2181a9bfd18e0106f7155155112d142f535?s=96&d=mm&r=g\",\"url\":\"https:\\\/\\\/secure.gravatar.com\\\/avatar\\\/34a34c6c21773a043c4fb9f19629f2181a9bfd18e0106f7155155112d142f535?s=96&d=mm&r=g\",\"contentUrl\":\"https:\\\/\\\/secure.gravatar.com\\\/avatar\\\/34a34c6c21773a043c4fb9f19629f2181a9bfd18e0106f7155155112d142f535?s=96&d=mm&r=g\",\"caption\":\"Adi001\"},\"description\":\"Feroza owner, Mac fan....\",\"url\":\"https:\\\/\\\/feroza.hu\\\/?author=1\"}]}<\/script>\n<!-- \/ Yoast SEO plugin. -->","yoast_head_json":{"title":"R\u00e1cs a hely\u00e9n, a laprug\u00f3 elt\u00f6rt. - feroza.hu","robots":{"index":"index","follow":"follow","max-snippet":"max-snippet:-1","max-image-preview":"max-image-preview:large","max-video-preview":"max-video-preview:-1"},"canonical":"https:\/\/feroza.hu\/?p=1198","twitter_misc":{"Szerz\u0151:":"Adi001","Becs\u00fclt olvas\u00e1si id\u0151":"2 perc"},"schema":{"@context":"https:\/\/schema.org","@graph":[{"@type":"Article","@id":"https:\/\/feroza.hu\/?p=1198#article","isPartOf":{"@id":"https:\/\/feroza.hu\/?p=1198"},"author":{"name":"Adi001","@id":"https:\/\/feroza.hu\/#\/schema\/person\/6be7369c0a68d2ebb04d088609ea2c5b"},"headline":"R\u00e1cs a hely\u00e9n, a laprug\u00f3 elt\u00f6rt.","datePublished":"2022-08-17T22:46:10+00:00","mainEntityOfPage":{"@id":"https:\/\/feroza.hu\/?p=1198"},"wordCount":355,"image":{"@id":"https:\/\/feroza.hu\/?p=1198#primaryimage"},"thumbnailUrl":"https:\/\/feroza.hu\/wp-content\/uploads\/2022\/08\/IMG_0626.jpg","articleSection":["Fel\u00faj\u00edt\u00e1s"],"inLanguage":"hu"},{"@type":"WebPage","@id":"https:\/\/feroza.hu\/?p=1198","url":"https:\/\/feroza.hu\/?p=1198","name":"R\u00e1cs a hely\u00e9n, a laprug\u00f3 elt\u00f6rt. - feroza.hu","isPartOf":{"@id":"https:\/\/feroza.hu\/#website"},"primaryImageOfPage":{"@id":"https:\/\/feroza.hu\/?p=1198#primaryimage"},"image":{"@id":"https:\/\/feroza.hu\/?p=1198#primaryimage"},"thumbnailUrl":"https:\/\/feroza.hu\/wp-content\/uploads\/2022\/08\/IMG_0626.jpg","datePublished":"2022-08-17T22:46:10+00:00","author":{"@id":"https:\/\/feroza.hu\/#\/schema\/person\/6be7369c0a68d2ebb04d088609ea2c5b"},"inLanguage":"hu","potentialAction":[{"@type":"ReadAction","target":["https:\/\/feroza.hu\/?p=1198"]}]},{"@type":"ImageObject","inLanguage":"hu","@id":"https:\/\/feroza.hu\/?p=1198#primaryimage","url":"https:\/\/feroza.hu\/wp-content\/uploads\/2022\/08\/IMG_0626.jpg","contentUrl":"https:\/\/feroza.hu\/wp-content\/uploads\/2022\/08\/IMG_0626.jpg","width":500,"height":281},{"@type":"WebSite","@id":"https:\/\/feroza.hu\/#website","url":"https:\/\/feroza.hu\/","name":"feroza.hu","description":"Daihatsu Feroza - egy kihal\u00f3ban l\u00e9v\u0151 aut\u00f3m\u00e1rka feledhetetlen modelje","potentialAction":[{"@type":"SearchAction","target":{"@type":"EntryPoint","urlTemplate":"https:\/\/feroza.hu\/?s={search_term_string}"},"query-input":{"@type":"PropertyValueSpecification","valueRequired":true,"valueName":"search_term_string"}}],"inLanguage":"hu"},{"@type":"Person","@id":"https:\/\/feroza.hu\/#\/schema\/person\/6be7369c0a68d2ebb04d088609ea2c5b","name":"Adi001","image":{"@type":"ImageObject","inLanguage":"hu","@id":"https:\/\/secure.gravatar.com\/avatar\/34a34c6c21773a043c4fb9f19629f2181a9bfd18e0106f7155155112d142f535?s=96&d=mm&r=g","url":"https:\/\/secure.gravatar.com\/avatar\/34a34c6c21773a043c4fb9f19629f2181a9bfd18e0106f7155155112d142f535?s=96&d=mm&r=g","contentUrl":"https:\/\/secure.gravatar.com\/avatar\/34a34c6c21773a043c4fb9f19629f2181a9bfd18e0106f7155155112d142f535?s=96&d=mm&r=g","caption":"Adi001"},"description":"Feroza owner, Mac fan....","url":"https:\/\/feroza.hu\/?author=1"}]}},"_links":{"self":[{"href":"https:\/\/feroza.hu\/index.php?rest_route=\/wp\/v2\/posts\/1198","targetHints":{"allow":["GET"]}}],"collection":[{"href":"https:\/\/feroza.hu\/index.php?rest_route=\/wp\/v2\/posts"}],"about":[{"href":"https:\/\/feroza.hu\/index.php?rest_route=\/wp\/v2\/types\/post"}],"author":[{"embeddable":true,"href":"https:\/\/feroza.hu\/index.php?rest_route=\/wp\/v2\/users\/1"}],"replies":[{"embeddable":true,"href":"https:\/\/feroza.hu\/index.php?rest_route=%2Fwp%2Fv2%2Fcomments&post=1198"}],"version-history":[{"count":1,"href":"https:\/\/feroza.hu\/index.php?rest_route=\/wp\/v2\/posts\/1198\/revisions"}],"predecessor-version":[{"id":1203,"href":"https:\/\/feroza.hu\/index.php?rest_route=\/wp\/v2\/posts\/1198\/revisions\/1203"}],"wp:attachment":[{"href":"https:\/\/feroza.hu\/index.php?rest_route=%2Fwp%2Fv2%2Fmedia&parent=1198"}],"wp:term":[{"taxonomy":"category","embeddable":true,"href":"https:\/\/feroza.hu\/index.php?rest_route=%2Fwp%2Fv2%2Fcategories&post=1198"},{"taxonomy":"post_tag","embeddable":true,"href":"https:\/\/feroza.hu\/index.php?rest_route=%2Fwp%2Fv2%2Ftags&post=1198"}],"curies":[{"name":"wp","href":"https:\/\/api.w.org\/{rel}","templated":true}]}}